[{"@context":"https:\/\/schema.org\/","@type":"Article","@id":"https:\/\/www.caste.cz\/aby-byl-vas-svatebni-den-tim-nejkrasnejsim-ve-vasem-zivote\/#Article","mainEntityOfPage":"https:\/\/www.caste.cz\/aby-byl-vas-svatebni-den-tim-nejkrasnejsim-ve-vasem-zivote\/","headline":"Aby byl V\u00e1\u0161 svatebn\u00ed den t\u00edm nejkr\u00e1sn\u011bj\u0161\u00edm ve Va\u0161em \u017eivot\u011b","name":"Aby byl V\u00e1\u0161 svatebn\u00ed den t\u00edm nejkr\u00e1sn\u011bj\u0161\u00edm ve Va\u0161em \u017eivot\u011b","description":"L\u00e1ska dvou lid\u00ed je opravdu p\u0159en\u00e1dhernou v\u011bc\u00ed. Kdy\u017e se dva miluj\u00ed a mohou b\u00fdt spolu, jsou jist\u011b velmi \u0161\u0165astn\u00ed. Kdy\u017e si ale sl\u00edb\u00ed v\u011brnost a l\u00e1sku do konce jejich \u017eivot\u016f, cht\u011bj\u00ed si vz\u00e1jemn\u011b uk\u00e1zat, \u017ee si v\u011b\u0159\u00ed a \u017ee tu pro toho druh\u00e9ho budou jak ve chv\u00edl\u00edch, kdy jsou \u0161\u0165astn\u00ed, tak ve chv\u00edl\u00edch, kdy jim [&hellip;]","datePublished":"2023-12-30","dateModified":"2023-12-30","author":{"@type":"Person","@id":"https:\/\/www.caste.cz\/author\/#Person","name":"caste.cz\n","url":"https:\/\/www.caste.cz\/author\/","identifier":1,"image":{"@type":"ImageObject","@id":"https:\/\/secure.gravatar.com\/avatar\/8ee00db67df6a380981db2e33f97d2fa79637c4880a83f2a0ac4c29b5bb179e1?s=96&d=mm&r=g","url":"https:\/\/secure.gravatar.com\/avatar\/8ee00db67df6a380981db2e33f97d2fa79637c4880a83f2a0ac4c29b5bb179e1?s=96&d=mm&r=g","height":96,"width":96}},"publisher":{"@type":"Organization","name":"caste.cz","logo":{"@type":"ImageObject","@id":"\/logo.png","url":"\/logo.png","width":600,"height":60}},"url":"https:\/\/www.caste.cz\/aby-byl-vas-svatebni-den-tim-nejkrasnejsim-ve-vasem-zivote\/","wordCount":240,"articleBody":"L\u00e1ska dvou lid\u00ed je opravdu p\u0159en\u00e1dhernou v\u011bc\u00ed. Kdy\u017e se dva miluj\u00ed a mohou b\u00fdt spolu, jsou jist\u011b velmi \u0161\u0165astn\u00ed. Kdy\u017e si ale sl\u00edb\u00ed v\u011brnost a l\u00e1sku do konce jejich \u017eivot\u016f, cht\u011bj\u00ed si vz\u00e1jemn\u011b uk\u00e1zat, \u017ee si v\u011b\u0159\u00ed a \u017ee tu pro toho druh\u00e9ho budou jak ve chv\u00edl\u00edch, kdy jsou \u0161\u0165astn\u00ed, tak ve chv\u00edl\u00edch, kdy jim nen\u00ed do zp\u011bvu. Pot\u00e9 si p\u0159ed rodinou a p\u0159\u00e1teli sd\u011bl\u00ed sv\u00e9 sliby a svou l\u00e1sku ofici\u00e1ln\u011b zpe\u010det\u00ed. V\u00a0tento den si ka\u017ed\u00e1 \u017eena p\u0159eje vypadat co nejkr\u00e1sn\u011bji. Mo\u017en\u00e1 o tom snila u\u017e jako mal\u00e1 holka. Bude se proch\u00e1zet v\u00a0b\u011bloskvouc\u00edch \u0161atech. Svatebn\u00ed \u0161aty, kter\u00e9 nab\u00edz\u00edme, si m\u016f\u017eete vyp\u016fj\u010dit nebo zakoupit. Proto\u017ee ch\u00e1peme, \u017ee nep\u0159edpokl\u00e1d\u00e1te, \u017ee byste je je\u0161t\u011b k\u00a0n\u011b\u010demu mohla pot\u0159ebovat, m\u016f\u017eete si je v\u00a0na\u0161em salonu vyp\u016fj\u010dit.Spousta st\u0159ih\u016f a zaj\u00edmav\u00fdch model\u016fKa\u017ed\u00e1 \u017eena m\u00e1 tro\u0161ku jinou postavu, a proto se sna\u017e\u00edme, aby ka\u017ed\u00e1 \u017eena na\u0161la takov\u00fd model, kter\u00fd j\u00ed bude maxim\u00e1ln\u011b sed\u011bt. Na\u0161im z\u00e1kazn\u00edk\u016fm vych\u00e1z\u00edme maxim\u00e1ln\u011b vst\u0159\u00edc. I proto vlastn\u00edme certifik\u00e1t pr\u00e9miov\u00e9 kvality, je\u017e doce\u0148uje na\u0161e skv\u011bl\u00e9 kvality.                                                                                                                                                                                                                                                                                                                                                                                        4.9\/5 - (8 votes)        "},{"@context":"https:\/\/schema.org\/","@type":"BreadcrumbList","itemListElement":[{"@type":"ListItem","position":1,"name":"Aby byl V\u00e1\u0161 svatebn\u00ed den t\u00edm nejkr\u00e1sn\u011bj\u0161\u00edm ve Va\u0161em \u017eivot\u011b","item":"https:\/\/www.caste.cz\/aby-byl-vas-svatebni-den-tim-nejkrasnejsim-ve-vasem-zivote\/#breadcrumbitem"}]}]