{"@context":"https:\/\/schema.org\/","@type":"CollectionPage","@id":"https:\/\/www.caste.cz\/finance\/#CollectionPage","headline":"Finance Category","description":"","url":"https:\/\/www.caste.cz\/finance\/","hasPart":[{"@type":"Article","@id":"https:\/\/www.caste.cz\/podnikani-nekdy-nevynasi\/","headline":"Podnik\u00e1n\u00ed n\u011bkdy nevyn\u00e1\u0161\u00ed","url":"https:\/\/www.caste.cz\/podnikani-nekdy-nevynasi\/","datePublished":"2025-12-23","dateModified":"2025-12-23","mainEntityOfPage":"https:\/\/www.caste.cz\/podnikani-nekdy-nevynasi\/","author":{"@type":"Person","@id":"https:\/\/www.caste.cz\/author\/#Person","name":"caste.cz\n","url":"https:\/\/www.caste.cz\/author\/","identifier":1,"image":{"@type":"ImageObject","@id":"https:\/\/secure.gravatar.com\/avatar\/8ee00db67df6a380981db2e33f97d2fa79637c4880a83f2a0ac4c29b5bb179e1?s=96&d=mm&r=g","url":"https:\/\/secure.gravatar.com\/avatar\/8ee00db67df6a380981db2e33f97d2fa79637c4880a83f2a0ac4c29b5bb179e1?s=96&d=mm&r=g","height":96,"width":96}},"publisher":{"@type":"Organization","name":"caste.cz","logo":{"@type":"ImageObject","@id":"\/logo.png","url":"\/logo.png","width":600,"height":60}},"image":{"@type":"ImageObject","@id":"https:\/\/www.caste.cz\/wp-content\/uploads\/ppppp_10_10_10_10_10_10_5.jpg","url":"https:\/\/www.caste.cz\/wp-content\/uploads\/ppppp_10_10_10_10_10_10_5.jpg","height":0,"width":0},"keywords":null},{"@type":"Article","@id":"https:\/\/www.caste.cz\/kdo-by-mel-byt-ve-vztahu-ministrem-financi\/","headline":"Kdo by m\u011bl b\u00fdt ve vztahu ministrem financ\u00ed?","url":"https:\/\/www.caste.cz\/kdo-by-mel-byt-ve-vztahu-ministrem-financi\/","datePublished":"2025-03-03","dateModified":"2023-04-29","mainEntityOfPage":"https:\/\/www.caste.cz\/kdo-by-mel-byt-ve-vztahu-ministrem-financi\/","author":{"@type":"Person","@id":"https:\/\/www.caste.cz\/author\/#Person","name":"caste.cz\n","url":"https:\/\/www.caste.cz\/author\/","identifier":1,"image":{"@type":"ImageObject","@id":"https:\/\/secure.gravatar.com\/avatar\/8ee00db67df6a380981db2e33f97d2fa79637c4880a83f2a0ac4c29b5bb179e1?s=96&d=mm&r=g","url":"https:\/\/secure.gravatar.com\/avatar\/8ee00db67df6a380981db2e33f97d2fa79637c4880a83f2a0ac4c29b5bb179e1?s=96&d=mm&r=g","height":96,"width":96}},"publisher":{"@type":"Organization","name":"caste.cz","logo":{"@type":"ImageObject","@id":"\/logo.png","url":"\/logo.png","width":600,"height":60}},"image":{"@type":"ImageObject","@id":"https:\/\/www.caste.cz\/wp-content\/uploads\/img_a321632_w2306_t1532876404.jpg","url":"https:\/\/www.caste.cz\/wp-content\/uploads\/img_a321632_w2306_t1532876404.jpg","height":0,"width":0},"keywords":null},{"@type":"Article","@id":"https:\/\/www.caste.cz\/je-dobre-mit-bezny-ucet-v-bance-ano\/","headline":"Je dobr\u00e9 m\u00edt b\u011b\u017en\u00fd \u00fa\u010det v bance? Ano!","url":"https:\/\/www.caste.cz\/je-dobre-mit-bezny-ucet-v-bance-ano\/","datePublished":"2025-03-03","dateModified":"2023-04-29","mainEntityOfPage":"https:\/\/www.caste.cz\/je-dobre-mit-bezny-ucet-v-bance-ano\/","author":{"@type":"Person","@id":"https:\/\/www.caste.cz\/author\/#Person","name":"caste.cz\n","url":"https:\/\/www.caste.cz\/author\/","identifier":1,"image":{"@type":"ImageObject","@id":"https:\/\/secure.gravatar.com\/avatar\/8ee00db67df6a380981db2e33f97d2fa79637c4880a83f2a0ac4c29b5bb179e1?s=96&d=mm&r=g","url":"https:\/\/secure.gravatar.com\/avatar\/8ee00db67df6a380981db2e33f97d2fa79637c4880a83f2a0ac4c29b5bb179e1?s=96&d=mm&r=g","height":96,"width":96}},"publisher":{"@type":"Organization","name":"caste.cz","logo":{"@type":"ImageObject","@id":"\/logo.png","url":"\/logo.png","width":600,"height":60}},"image":{"@type":"ImageObject","@id":"https:\/\/www.caste.cz\/wp-content\/uploads\/img_a309023_w2306_t1520006410.jpg","url":"https:\/\/www.caste.cz\/wp-content\/uploads\/img_a309023_w2306_t1520006410.jpg","height":0,"width":0},"keywords":null},{"@type":"Article","@id":"https:\/\/www.caste.cz\/exekuce-nemovitosti-se-da-resit\/","headline":"Exekuce nemovitosti se d\u00e1 \u0159e\u0161it","url":"https:\/\/www.caste.cz\/exekuce-nemovitosti-se-da-resit\/","datePublished":"2021-11-18","dateModified":"2023-04-29","mainEntityOfPage":"https:\/\/www.caste.cz\/exekuce-nemovitosti-se-da-resit\/","author":{"@type":"Person","@id":"https:\/\/www.caste.cz\/author\/#Person","name":"caste.cz\n","url":"https:\/\/www.caste.cz\/author\/","identifier":1,"image":{"@type":"ImageObject","@id":"https:\/\/secure.gravatar.com\/avatar\/8ee00db67df6a380981db2e33f97d2fa79637c4880a83f2a0ac4c29b5bb179e1?s=96&d=mm&r=g","url":"https:\/\/secure.gravatar.com\/avatar\/8ee00db67df6a380981db2e33f97d2fa79637c4880a83f2a0ac4c29b5bb179e1?s=96&d=mm&r=g","height":96,"width":96}},"publisher":{"@type":"Organization","name":"caste.cz","logo":{"@type":"ImageObject","@id":"\/logo.png","url":"\/logo.png","width":600,"height":60}},"image":{"@type":"ImageObject","@id":"https:\/\/www.caste.cz\/wp-content\/uploads\/no-money-2070384_960_720.jpg","url":"https:\/\/www.caste.cz\/wp-content\/uploads\/no-money-2070384_960_720.jpg","height":0,"width":0},"keywords":null},{"@type":"Article","@id":"https:\/\/www.caste.cz\/rychla-pujcka-u-nebankovni-spolecnosti\/","headline":"Rychl\u00e1 p\u016fj\u010dka u nebankovn\u00ed spole\u010dnosti","url":"https:\/\/www.caste.cz\/rychla-pujcka-u-nebankovni-spolecnosti\/","datePublished":"2019-11-22","dateModified":"2023-04-29","mainEntityOfPage":"https:\/\/www.caste.cz\/rychla-pujcka-u-nebankovni-spolecnosti\/","author":{"@type":"Person","@id":"https:\/\/www.caste.cz\/author\/#Person","name":"caste.cz\n","url":"https:\/\/www.caste.cz\/author\/","identifier":1,"image":{"@type":"ImageObject","@id":"https:\/\/secure.gravatar.com\/avatar\/8ee00db67df6a380981db2e33f97d2fa79637c4880a83f2a0ac4c29b5bb179e1?s=96&d=mm&r=g","url":"https:\/\/secure.gravatar.com\/avatar\/8ee00db67df6a380981db2e33f97d2fa79637c4880a83f2a0ac4c29b5bb179e1?s=96&d=mm&r=g","height":96,"width":96}},"publisher":{"@type":"Organization","name":"caste.cz","logo":{"@type":"ImageObject","@id":"\/logo.png","url":"\/logo.png","width":600,"height":60}},"image":{"@type":"ImageObject","@id":"https:\/\/www.caste.cz\/wp-content\/uploads\/img_a369412_w2306_t1581584978.jpg","url":"https:\/\/www.caste.cz\/wp-content\/uploads\/img_a369412_w2306_t1581584978.jpg","height":0,"width":0},"keywords":null},{"@type":"Article","@id":"https:\/\/www.caste.cz\/vyberte-si-idealni-hypotecni-uver\/","headline":"Vyberte si ide\u00e1ln\u00ed hypote\u010dn\u00ed \u00fav\u011br","url":"https:\/\/www.caste.cz\/vyberte-si-idealni-hypotecni-uver\/","datePublished":"2019-09-17","dateModified":"2023-04-29","mainEntityOfPage":"https:\/\/www.caste.cz\/vyberte-si-idealni-hypotecni-uver\/","author":{"@type":"Person","@id":"https:\/\/www.caste.cz\/author\/#Person","name":"caste.cz\n","url":"https:\/\/www.caste.cz\/author\/","identifier":1,"image":{"@type":"ImageObject","@id":"https:\/\/secure.gravatar.com\/avatar\/8ee00db67df6a380981db2e33f97d2fa79637c4880a83f2a0ac4c29b5bb179e1?s=96&d=mm&r=g","url":"https:\/\/secure.gravatar.com\/avatar\/8ee00db67df6a380981db2e33f97d2fa79637c4880a83f2a0ac4c29b5bb179e1?s=96&d=mm&r=g","height":96,"width":96}},"publisher":{"@type":"Organization","name":"caste.cz","logo":{"@type":"ImageObject","@id":"\/logo.png","url":"\/logo.png","width":600,"height":60}},"image":{"@type":"ImageObject","@id":"https:\/\/www.caste.cz\/wp-content\/uploads\/img_a364926_w2306_t1578136625.jpg","url":"https:\/\/www.caste.cz\/wp-content\/uploads\/img_a364926_w2306_t1578136625.jpg","height":0,"width":0},"keywords":null},{"@type":"Article","@id":"https:\/\/www.caste.cz\/pro-vase-financni-potreby-vyuzijte-nebankovni-hypoteky\/","headline":"Pro va\u0161e finan\u010dn\u00ed pot\u0159eby vyu\u017eijte nebankovn\u00ed hypot\u00e9ky","url":"https:\/\/www.caste.cz\/pro-vase-financni-potreby-vyuzijte-nebankovni-hypoteky\/","datePublished":"2019-09-11","dateModified":"2023-04-29","mainEntityOfPage":"https:\/\/www.caste.cz\/pro-vase-financni-potreby-vyuzijte-nebankovni-hypoteky\/","author":{"@type":"Person","@id":"https:\/\/www.caste.cz\/author\/#Person","name":"caste.cz\n","url":"https:\/\/www.caste.cz\/author\/","identifier":1,"image":{"@type":"ImageObject","@id":"https:\/\/secure.gravatar.com\/avatar\/8ee00db67df6a380981db2e33f97d2fa79637c4880a83f2a0ac4c29b5bb179e1?s=96&d=mm&r=g","url":"https:\/\/secure.gravatar.com\/avatar\/8ee00db67df6a380981db2e33f97d2fa79637c4880a83f2a0ac4c29b5bb179e1?s=96&d=mm&r=g","height":96,"width":96}},"publisher":{"@type":"Organization","name":"caste.cz","logo":{"@type":"ImageObject","@id":"\/logo.png","url":"\/logo.png","width":600,"height":60}},"image":{"@type":"ImageObject","@id":"https:\/\/www.caste.cz\/wp-content\/uploads\/img_a346379_w1722_t1560509633.jpg","url":"https:\/\/www.caste.cz\/wp-content\/uploads\/img_a346379_w1722_t1560509633.jpg","height":0,"width":0},"keywords":null},{"@type":"Article","@id":"https:\/\/www.caste.cz\/rozdily-mezi-pujckami\/","headline":"Rozd\u00edly mezi p\u016fj\u010dkami","url":"https:\/\/www.caste.cz\/rozdily-mezi-pujckami\/","datePublished":"2019-04-22","dateModified":"2023-04-29","mainEntityOfPage":"https:\/\/www.caste.cz\/rozdily-mezi-pujckami\/","author":{"@type":"Person","@id":"https:\/\/www.caste.cz\/author\/#Person","name":"caste.cz\n","url":"https:\/\/www.caste.cz\/author\/","identifier":1,"image":{"@type":"ImageObject","@id":"https:\/\/secure.gravatar.com\/avatar\/8ee00db67df6a380981db2e33f97d2fa79637c4880a83f2a0ac4c29b5bb179e1?s=96&d=mm&r=g","url":"https:\/\/secure.gravatar.com\/avatar\/8ee00db67df6a380981db2e33f97d2fa79637c4880a83f2a0ac4c29b5bb179e1?s=96&d=mm&r=g","height":96,"width":96}},"publisher":{"@type":"Organization","name":"caste.cz","logo":{"@type":"ImageObject","@id":"\/logo.png","url":"\/logo.png","width":600,"height":60}},"image":{"@type":"ImageObject","@id":"https:\/\/www.caste.cz\/wp-content\/uploads\/img_a343174_w2306_t1556361611.jpg","url":"https:\/\/www.caste.cz\/wp-content\/uploads\/img_a343174_w2306_t1556361611.jpg","height":0,"width":0},"keywords":null},{"@type":"Article","@id":"https:\/\/www.caste.cz\/casto-placeme-na-spatnem-hrobe\/","headline":"\u010casto pl\u00e1\u010deme na \u0161patn\u00e9m hrob\u011b","url":"https:\/\/www.caste.cz\/casto-placeme-na-spatnem-hrobe\/","datePublished":"2018-09-15","dateModified":"2023-04-29","mainEntityOfPage":"https:\/\/www.caste.cz\/casto-placeme-na-spatnem-hrobe\/","author":{"@type":"Person","@id":"https:\/\/www.caste.cz\/author\/#Person","name":"caste.cz\n","url":"https:\/\/www.caste.cz\/author\/","identifier":1,"image":{"@type":"ImageObject","@id":"https:\/\/secure.gravatar.com\/avatar\/8ee00db67df6a380981db2e33f97d2fa79637c4880a83f2a0ac4c29b5bb179e1?s=96&d=mm&r=g","url":"https:\/\/secure.gravatar.com\/avatar\/8ee00db67df6a380981db2e33f97d2fa79637c4880a83f2a0ac4c29b5bb179e1?s=96&d=mm&r=g","height":96,"width":96}},"publisher":{"@type":"Organization","name":"caste.cz","logo":{"@type":"ImageObject","@id":"\/logo.png","url":"\/logo.png","width":600,"height":60}},"image":{"@type":"ImageObject","@id":"https:\/\/www.caste.cz\/wp-content\/uploads\/img_a326093_w2306_t1538227376.jpg","url":"https:\/\/www.caste.cz\/wp-content\/uploads\/img_a326093_w2306_t1538227376.jpg","height":0,"width":0},"keywords":null},{"@type":"Article","@id":"https:\/\/www.caste.cz\/pro-pohodlne-splaceni-prodluzte-dobu-splatnosti\/","headline":"Pro pohodln\u00e9 spl\u00e1cen\u00ed prodlu\u017ete dobu splatnosti","url":"https:\/\/www.caste.cz\/pro-pohodlne-splaceni-prodluzte-dobu-splatnosti\/","datePublished":"2017-10-02","dateModified":"2023-04-29","mainEntityOfPage":"https:\/\/www.caste.cz\/pro-pohodlne-splaceni-prodluzte-dobu-splatnosti\/","author":{"@type":"Person","@id":"https:\/\/www.caste.cz\/author\/#Person","name":"caste.cz\n","url":"https:\/\/www.caste.cz\/author\/","identifier":1,"image":{"@type":"ImageObject","@id":"https:\/\/secure.gravatar.com\/avatar\/8ee00db67df6a380981db2e33f97d2fa79637c4880a83f2a0ac4c29b5bb179e1?s=96&d=mm&r=g","url":"https:\/\/secure.gravatar.com\/avatar\/8ee00db67df6a380981db2e33f97d2fa79637c4880a83f2a0ac4c29b5bb179e1?s=96&d=mm&r=g","height":96,"width":96}},"publisher":{"@type":"Organization","name":"caste.cz","logo":{"@type":"ImageObject","@id":"\/logo.png","url":"\/logo.png","width":600,"height":60}},"image":{"@type":"ImageObject","@id":"https:\/\/www.caste.cz\/wp-content\/uploads\/img_a303529_w2306_t1513877822.jpg","url":"https:\/\/www.caste.cz\/wp-content\/uploads\/img_a303529_w2306_t1513877822.jpg","height":0,"width":0},"keywords":null}]}