[{"@context":"https:\/\/schema.org\/","@type":"Article","@id":"https:\/\/www.caste.cz\/moda-kam-se-jen-podivate\/#Article","mainEntityOfPage":"https:\/\/www.caste.cz\/moda-kam-se-jen-podivate\/","headline":"M\u00f3da, kam se jen pod\u00edv\u00e1te","name":"M\u00f3da, kam se jen pod\u00edv\u00e1te","description":"M\u00f3da je dnes tak\u00e9 velmi \u017e\u00e1dan\u00e9 t\u00e9ma, kter\u00e9 pat\u0159\u00ed k popul\u00e1rn\u00edm a velmi obl\u00edben\u00fdm v\u011bcem v\u0161edn\u00edho \u017eivota. Pot\u00fdk\u00e1me se s n\u00ed dnes a denn\u011b. Jak v televizi, v r\u00e1di\u00edch, v novin\u00e1ch, tak i v na\u0161em b\u011b\u017en\u00e9m \u017eivot\u011b. Pro n\u011bkter\u00e9 z n\u00e1s je to n\u00e1pl\u0148 jeho pr\u00e1ce a pro n\u011bkter\u00e9 je to zase z\u00e1bava \u010di kon\u00ed\u010dek. [&hellip;]","datePublished":"2019-05-12","dateModified":"2023-04-29","author":{"@type":"Person","@id":"https:\/\/www.caste.cz\/author\/#Person","name":"caste.cz\n","url":"https:\/\/www.caste.cz\/author\/","identifier":1,"image":{"@type":"ImageObject","@id":"https:\/\/secure.gravatar.com\/avatar\/8ee00db67df6a380981db2e33f97d2fa79637c4880a83f2a0ac4c29b5bb179e1?s=96&d=mm&r=g","url":"https:\/\/secure.gravatar.com\/avatar\/8ee00db67df6a380981db2e33f97d2fa79637c4880a83f2a0ac4c29b5bb179e1?s=96&d=mm&r=g","height":96,"width":96}},"publisher":{"@type":"Organization","name":"caste.cz","logo":{"@type":"ImageObject","@id":"\/logo.png","url":"\/logo.png","width":600,"height":60}},"image":{"@type":"ImageObject","@id":"https:\/\/www.caste.cz\/wp-content\/uploads\/img_a345111_w2306_t1558856120.jpg","url":"https:\/\/www.caste.cz\/wp-content\/uploads\/img_a345111_w2306_t1558856120.jpg","height":0,"width":0},"url":"https:\/\/www.caste.cz\/moda-kam-se-jen-podivate\/","about":["M\u00f3da"],"wordCount":450,"articleBody":"M\u00f3da je dnes tak\u00e9 velmi \u017e\u00e1dan\u00e9 t\u00e9ma, kter\u00e9 pat\u0159\u00ed k popul\u00e1rn\u00edm a velmi obl\u00edben\u00fdm v\u011bcem v\u0161edn\u00edho \u017eivota. Pot\u00fdk\u00e1me se s n\u00ed dnes a denn\u011b. Jak v televizi, v r\u00e1di\u00edch, v novin\u00e1ch, tak\ti v na\u0161em b\u011b\u017en\u00e9m \u017eivot\u011b. Pro n\u011bkter\u00e9 z n\u00e1s je to n\u00e1pl\u0148 jeho pr\u00e1ce a pro n\u011bkter\u00e9 je to zase z\u00e1bava \u010di kon\u00ed\u010dek.\t\u00a0\tKa\u017ed\u00fd z n\u00e1s m\u00e1 r\u016fzn\u00fd styl. N\u011bkdo m\u00e1 r\u00e1d tmav\u00e9, \u010dern\u00e9 barvy, kter\u00e9 se spoj\u00ed t\u0159eba se stylem Metalu, Emo anebo m\u00e1 zkr\u00e1tka r\u00e1d takov\u00e9to barvy, kter\u00e9 jsou neutr\u00e1ln\u00ed. Jin\u00ed preferuj\u00ed barevn\u00e9 oble\u010den\u00ed a n\u011bkte\u0159\u00ed maj\u00ed slabost i pro opravdu pestr\u00e9 a v\u00fdrazn\u00e9 barvy a\u017e extravagantn\u00ed typy.\t\u00a0\t\u0158\u00edk\u00e1 se, \u017ee \u0161aty d\u011blaj\u00ed \u010dlov\u011bka. Je tomu tak? Ano, bylo tomu tak ji\u017e od d\u00e1vn\u00fdch dob. Ov\u0161em, jak na to lid\u00e9 p\u0159i\u0161li, \u017ee zrovna \u0161aty d\u011blaj\u00ed \u010dlov\u011bka? U\u017e d\u0159\u00edve se lid\u00e9 d\u011blili na r\u016fzn\u00e9 \u00farovn\u011b, kter\u00e9 m\u011bli dopad i na tehdej\u0161\u00ed m\u00f3du. Je docela smutn\u00e9, \u017ee u\u017e jen podle vzhledu snadno odhadnete, co jsou lid\u00e9 za\u010d. Nap\u0159\u00edklad \u010dlov\u011bk s\u00a0oran\u017eovou reflexn\u00ed vestou chod\u00edc\u00ed po ulic\u00edch je automaticky ukl\u00edze\u010d odpadk\u016f, \u017eeny se z\u00e1st\u011brou nebo d\u011brav\u00fdm tri\u010dkem jsou ukl\u00edze\u010dky\u2026\t\u00a0\tNikdo by nem\u011bl ostatn\u00ed lidi odsuzovat jen podle toho, \u017ee maj\u00ed na sob\u011b zrovinka drobet vybledlej\u0161\u00ed ko\u0161ili nebo jin\u00fd druh oble\u010den\u00ed z\u00a0posledn\u00ed kolekce minul\u00e9ho roku. Samoz\u0159ejm\u011b, \u017ee kdy\u017e jdete po ulici a uvid\u00edte tam n\u011bjak\u00e9ho p\u00e1na nebo pan\u00ed v\u00a0opravdu u\u0161mudlan\u00e9m, pop\u0159\u00edpad\u011b roztrhan\u00e9m oble\u010den\u00ed, kter\u00e9 i na d\u00e1lku bohu\u017eel c\u00edt\u00edte, tak to u\u017e nen\u00ed v\u00e1\u017en\u011b n\u011bco v\u00a0po\u0159\u00e1dku. M\u00f3da nen\u00ed jen o vzhledu va\u0161eho oble\u010den\u00ed, ale tak\u00e9 o va\u0161\u00ed hygien\u011b.\t\u00a0\tM\u016f\u017eete potkat sle\u010dnu, kter\u00e1 na sob\u011b m\u016f\u017ee m\u00edt t\u0159eba tucet r\u016fzn\u00fdch, drah\u00fdch zna\u010dek, ty nejkr\u00e1sn\u011bj\u0161\u00ed \u0161aty, nejnov\u011bj\u0161\u00ed boty, ale to je jen prvn\u00ed m\u017eik. Je opravdu stra\u0161n\u00e9, kdy\u017e o sebe lidi nedbaj\u00ed. Vad\u00ed to hlavn\u011b okoln\u00edm kolemjdouc\u00edm, m\u011blo by to v\u00a0prvn\u00ed \u0159ad\u011b vadit doty\u010dn\u00fdm lidem. J\u00e1 osobn\u011b si nedok\u00e1\u017ei tuto situaci p\u0159edstavit.\t\u00a0\tMysl\u00edm si, \u017ee by ka\u017ed\u00fd m\u011bl nosit jen to, v\u00a0\u010dem se s\u00e1m pohodln\u011b c\u00edt\u00ed, ale z\u00e1rove\u0148 by m\u011bl tro\u0161ku db\u00e1t i na sv\u016fj vzhled.\t\u00a0                                                                                                                                                                                                                                                                                                                                                                                        4.4\/5 - (5 votes)        "},{"@context":"https:\/\/schema.org\/","@type":"BreadcrumbList","itemListElement":[{"@type":"ListItem","position":1,"name":"M\u00f3da, kam se jen pod\u00edv\u00e1te","item":"https:\/\/www.caste.cz\/moda-kam-se-jen-podivate\/#breadcrumbitem"}]}]