[{"@context":"https:\/\/schema.org\/","@type":"Article","@id":"https:\/\/www.caste.cz\/pridame-profesionalnu-starostlivost-o-deti\/#Article","mainEntityOfPage":"https:\/\/www.caste.cz\/pridame-profesionalnu-starostlivost-o-deti\/","headline":"Prid\u00e1me profesion\u00e1lnu starostlivos\u0165 o deti","name":"Prid\u00e1me profesion\u00e1lnu starostlivos\u0165 o deti","description":"Cie\u013eom na\u0161ej vl\u00e1dy je dosta\u0165 r\u00fdchlej\u0161ie matky do pr\u00e1ce, aby boli platn\u00e9 pre spolo\u010dnos\u0165. Okrem in\u00e9ho, \u200b\u200baby nestratili kontakt so svojou profesiou. O deti sa im predsa m\u00f4\u017eu stara\u0165 odborn\u00edci. Jasle by mali kone\u010dne za\u017e\u00edva\u0165 svoju renesanciu. Existuje ich len obmedzen\u00fd po\u010det, ale v pl\u00e1ne je ich roz\u0161irovanie. Bohu\u017eia\u013e sme st\u00e1le na chvoste Eur\u00f3pskej \u00fanie [&hellip;]","datePublished":"2024-02-05","dateModified":"2024-02-05","author":{"@type":"Person","@id":"https:\/\/www.caste.cz\/author\/#Person","name":"caste.cz\n","url":"https:\/\/www.caste.cz\/author\/","identifier":1,"image":{"@type":"ImageObject","@id":"https:\/\/secure.gravatar.com\/avatar\/8ee00db67df6a380981db2e33f97d2fa79637c4880a83f2a0ac4c29b5bb179e1?s=96&d=mm&r=g","url":"https:\/\/secure.gravatar.com\/avatar\/8ee00db67df6a380981db2e33f97d2fa79637c4880a83f2a0ac4c29b5bb179e1?s=96&d=mm&r=g","height":96,"width":96}},"publisher":{"@type":"Organization","name":"caste.cz","logo":{"@type":"ImageObject","@id":"\/logo.png","url":"\/logo.png","width":600,"height":60}},"url":"https:\/\/www.caste.cz\/pridame-profesionalnu-starostlivost-o-deti\/","wordCount":282,"articleBody":"\tCie\u013eom na\u0161ej vl\u00e1dy je dosta\u0165 r\u00fdchlej\u0161ie matky do pr\u00e1ce, aby boli platn\u00e9 pre spolo\u010dnos\u0165. Okrem in\u00e9ho, \u200b\u200baby nestratili kontakt so svojou profesiou. O deti sa im predsa m\u00f4\u017eu stara\u0165 odborn\u00edci. Jasle by mali kone\u010dne za\u017e\u00edva\u0165 svoju renesanciu. Existuje ich len obmedzen\u00fd po\u010det, ale v pl\u00e1ne je ich roz\u0161irovanie. Bohu\u017eia\u013e sme st\u00e1le na chvoste Eur\u00f3pskej \u00fanie a pritom sa dopyt po nich neust\u00e1le zvy\u0161uje. V\u00a0zariaden\u00ed tohto typu v 21. storo\u010d\u00ed by mala jedna opatrovate\u013eka na starosti maxim\u00e1lne \u0161tyri deti vo veku od \u0161iestich mesiacov do troch rokov. V pl\u00e1ne je zria\u010fovanie nov\u00fdch z eur\u00f3pskych dot\u00e1ci\u00ed, ktor\u00e9 si prerozdelia jednotliv\u00e9 obce a mest\u00e1. Nie v\u0161etci s\u00fa z toho ale \u00faplne nad\u0161en\u00ed, v\u00e4\u010d\u0161inov\u00fd n\u00e1zor je, \u017ee miluj\u00faci mami\u010dka by mala by\u0165 s die\u0165a\u0165om minim\u00e1lne prv\u00e9 dva roky jeho \u017eivota. Ide predsa o najkraj\u0161ie obdobie v \u017eivote rodiny, ktor\u00e9 sa nebude nikdy opakova\u0165.\tN\u00e1zor k veciJa sama som mami\u010dkou dvoji\u010diek. Ne\u017e som otehotnela, mala som p\u00f4vodn\u00fd pl\u00e1n by\u0165 doma s b\u00e1b\u00e4tkom len dva roky. Ale teraz ke\u010f u\u017e som sama mami\u010dkou na pln\u00fd \u00fav\u00e4zok moje rozhodnutie sa zmenilo a chcem zosta\u0165 s chalanmi cel\u00e9 tri roky. Uva\u017eujem ale o mo\u017enosti, \u017ee by som ich vodila napr\u00edklad na dve dopoludnia v t\u00fd\u017edni do jasli\u010diek, aby si zvykali aj na in\u00e9 prostredie. Ur\u010dite by som potom chcela ma\u0165 aspo\u0148 \u010diasto\u010dn\u00fd \u00fav\u00e4zok, aby som sa potom mohla vr\u00e1ti\u0165 k svojej profesii.                                                                                                                                                                                                                                                                                                                                                                                        4.3\/5 - (9 votes)        "},{"@context":"https:\/\/schema.org\/","@type":"BreadcrumbList","itemListElement":[{"@type":"ListItem","position":1,"name":"Prid\u00e1me profesion\u00e1lnu starostlivos\u0165 o deti","item":"https:\/\/www.caste.cz\/pridame-profesionalnu-starostlivost-o-deti\/#breadcrumbitem"}]}]