[{"@context":"https:\/\/schema.org\/","@type":"Article","@id":"https:\/\/www.caste.cz\/pro-krasne-vlasy\/#Article","mainEntityOfPage":"https:\/\/www.caste.cz\/pro-krasne-vlasy\/","headline":"Pro kr\u00e1sn\u00e9 vlasy","name":"Pro kr\u00e1sn\u00e9 vlasy","description":"Udr\u017eet si co nejd\u00e9le mladistv\u00fd vzhled je pro v\u011bt\u0161inu lid\u00ed velice d\u016fle\u017eit\u00e9, zvl\u00e1\u0161t\u011b pak pro \u017eeny. Z tohoto d\u016fvodu je vhodn\u00e9 zdrav\u011b j\u00edst, co nejv\u00edce sportovat a pokud mo\u017eno se nestresovat. S celkov\u00fdm vzhledem jsou spojov\u00e1ny hlavn\u011b postava a tv\u00e1\u0159, ale velkou roli hraj\u00ed rovn\u011b\u017e vlasy. A op\u011bt to plat\u00ed hlavn\u011b pro \u017eeny, jeliko\u017e mu\u017ei [&hellip;]","datePublished":"2019-05-13","dateModified":"2023-04-29","author":{"@type":"Person","@id":"https:\/\/www.caste.cz\/author\/#Person","name":"caste.cz\n","url":"https:\/\/www.caste.cz\/author\/","identifier":1,"image":{"@type":"ImageObject","@id":"https:\/\/secure.gravatar.com\/avatar\/8ee00db67df6a380981db2e33f97d2fa79637c4880a83f2a0ac4c29b5bb179e1?s=96&d=mm&r=g","url":"https:\/\/secure.gravatar.com\/avatar\/8ee00db67df6a380981db2e33f97d2fa79637c4880a83f2a0ac4c29b5bb179e1?s=96&d=mm&r=g","height":96,"width":96}},"publisher":{"@type":"Organization","name":"caste.cz","logo":{"@type":"ImageObject","@id":"\/logo.png","url":"\/logo.png","width":600,"height":60}},"image":{"@type":"ImageObject","@id":"https:\/\/www.caste.cz\/wp-content\/uploads\/img_a345729_w2306_t1559295934.jpg","url":"https:\/\/www.caste.cz\/wp-content\/uploads\/img_a345729_w2306_t1559295934.jpg","height":0,"width":0},"url":"https:\/\/www.caste.cz\/pro-krasne-vlasy\/","about":["M\u00f3da"],"wordCount":404,"articleBody":" Udr\u017eet si co nejd\u00e9le mladistv\u00fd vzhled je pro v\u011bt\u0161inu lid\u00ed velice d\u016fle\u017eit\u00e9, zvl\u00e1\u0161t\u011b pak pro \u017eeny. Z tohoto d\u016fvodu je vhodn\u00e9 zdrav\u011b j\u00edst, co nejv\u00edce sportovat a pokud mo\u017eno se nestresovat. S celkov\u00fdm vzhledem jsou spojov\u00e1ny hlavn\u011b postava a tv\u00e1\u0159, ale velkou roli hraj\u00ed rovn\u011b\u017e vlasy. A op\u011bt to plat\u00ed hlavn\u011b pro \u017eeny, jeliko\u017e mu\u017ei mohou b\u00fdt klidn\u011b ve t\u0159iceti ple\u0161at\u00ed a skoro nikomu to nevad\u00ed. Aby vlasy byly kr\u00e1sn\u00e9 a vypadaly k sv\u011btu, je nezbytn\u00e9 je udr\u017eet zdrav\u00e9. Pro tento \u00fa\u010del existuje cel\u00e1 \u0159ada \u0161amp\u00f3n\u016f, kondicion\u00e9r\u016f a dal\u0161\u00edch p\u0159\u00edpravk\u016f, kter\u00e9 n\u011bkdy funguj\u00ed pouze v omezen\u00e9 m\u00ed\u0159e, n\u011bkdy v\u016fbec. Samoz\u0159ejm\u011b jsou i takov\u00e9, kter\u00e9 jsou v\u017edy stoprocentn\u00ed. V koupeln\u011b by \u017e\u00e1dn\u00e9 \u017een\u011b nem\u011bly chyb\u011bt \u0161amp\u00f3n, ani kondicion\u00e9r, ov\u0161em pouze v t\u00e9 nejvy\u0161\u0161\u00ed kvalit\u011b. Po\u0159izovat si druho\u0159ad\u00e9 \u0161amp\u00f3ny je sice ekonomick\u00e9, ale ne p\u0159\u00edli\u0161 efektivn\u00ed. Sice neplat\u00ed, \u017ee se s levn\u00fdm \u0161amp\u00f3nem mohou vlasy vylo\u017een\u011b po\u0161kodit, ale vylo\u017een\u011b jim ani nemus\u00ed p\u0159\u00edli\u0161 prosp\u00edvat. Kvalitn\u00ed \u0161amp\u00f3n se pozn\u00e1 tak, \u017ee v sob\u011b obsahuje celou \u0159adu vitam\u00edn\u016f, miner\u00e1l\u016f a dal\u0161\u00edch prosp\u011b\u0161n\u00fdch l\u00e1tek, d\u00edky kter\u00fdm se k\u0161tice a k\u016f\u017ee, \u017ee kter\u00e9 vyr\u016fst\u00e1 vy\u017eivuj\u00ed. Velk\u00fdm pomocn\u00edkem by mohla b\u00fdt i speci\u00e1ln\u00ed vlasov\u00e1 maska ov\u0161em i tam by m\u011bla b\u00fdt na odpov\u00eddaj\u00edc\u00ed \u00farovni. Pravideln\u00e9 aplikace by pak m\u011bly dostat vlasy do kondice . \u017d\u00e1dn\u00fd stres Stres m\u016f\u017ee b\u00fdt velice nebezpe\u010dn\u00fd a nen\u00ed radno ho podce\u0148ovat. M\u016f\u017ee negativn\u00edm zp\u016fsobem ovlivnit lidsk\u00e9 zdrav\u00ed a \u010d\u00e1ste\u010dn\u011b tak\u00e9 i kvalitu vlasov\u00e9ho porostu. Samoz\u0159ejm\u011b, \u017ee nikde nen\u00ed \u0159e\u010deno, \u017ee \u010dlov\u011bk, kter\u00fd je cel\u00fd \u017eivot klidn\u00fd, mus\u00ed m\u00edt z\u00e1konit\u011b skv\u011bl\u00e9 vlasy, ale je rozhodn\u011b dok\u00e1z\u00e1no, \u017ee jedinci, kte\u0159\u00ed a\u017e p\u0159\u00edli\u0161 stresuj\u00ed, maj\u00ed \u010dast\u011bji vlasy hor\u0161\u00ed. Pro to je dobr\u00e9 se nau\u010dit meditovat, \u010di alespo\u0148 zhluboka d\u00fdchat. Dostat se do stresu m\u016f\u017ee \u010dlov\u011bk pom\u011brn\u011b snadno, ale dostat se z n\u011bj u\u017e tak lehk\u00e9 nen\u00ed. Na\u0161t\u011bst\u00ed existuje cel\u00e1 \u0159ada metod, kter\u00e9 dok\u00e1\u017e\u00ed nahromad\u011bn\u00e9 negativn\u00ed emoce uvolnit a poslat pry\u010d.                                                                                                                                                                                                                                                                                                                                                                                         4.2\/5 - (8 votes)        "},{"@context":"https:\/\/schema.org\/","@type":"BreadcrumbList","itemListElement":[{"@type":"ListItem","position":1,"name":"Pro kr\u00e1sn\u00e9 vlasy","item":"https:\/\/www.caste.cz\/pro-krasne-vlasy\/#breadcrumbitem"}]}]