[{"@context":"https:\/\/schema.org\/","@type":"Article","@id":"https:\/\/www.caste.cz\/staci-se-jen-prestehovat-a-zivot-plyne-dal\/#Article","mainEntityOfPage":"https:\/\/www.caste.cz\/staci-se-jen-prestehovat-a-zivot-plyne-dal\/","headline":"Sta\u010d\u00ed se jen p\u0159est\u011bhovat a \u017eivot plyne d\u00e1l","name":"Sta\u010d\u00ed se jen p\u0159est\u011bhovat a \u017eivot plyne d\u00e1l","description":"D\u011bs\u00ed V\u00e1s p\u0159edstava bydlen\u00ed v panelov\u00e9m dom\u011b, kde je sly\u0161et i ka\u0161el z druh\u00e9ho patra? A co teprve v\u00fdtah, kter\u00fd je v permanenci st\u00e1le. St\u00e1l\u00e9 bouch\u00e1n\u00ed vchodov\u00fdch dve\u0159\u00ed do byt\u016f, ale i t\u011bch do domu. Tak to byste v\u00e1\u017en\u011b necht\u011bli. Tak, co si budeme namlouvat, nen\u00ed to bydlen\u00ed pr\u00e1v\u011b skv\u011bl\u00e9. Mo\u017en\u00e1 pr\u00e1v\u011b proto jste dok\u00e1zali [&hellip;]","datePublished":"2017-12-16","dateModified":"2023-04-29","author":{"@type":"Person","@id":"https:\/\/www.caste.cz\/author\/#Person","name":"caste.cz\n","url":"https:\/\/www.caste.cz\/author\/","identifier":1,"image":{"@type":"ImageObject","@id":"https:\/\/secure.gravatar.com\/avatar\/8ee00db67df6a380981db2e33f97d2fa79637c4880a83f2a0ac4c29b5bb179e1?s=96&d=mm&r=g","url":"https:\/\/secure.gravatar.com\/avatar\/8ee00db67df6a380981db2e33f97d2fa79637c4880a83f2a0ac4c29b5bb179e1?s=96&d=mm&r=g","height":96,"width":96}},"publisher":{"@type":"Organization","name":"caste.cz","logo":{"@type":"ImageObject","@id":"\/logo.png","url":"\/logo.png","width":600,"height":60}},"image":{"@type":"ImageObject","@id":"https:\/\/www.caste.cz\/wp-content\/uploads\/img_a306425_w2306_t1517763001.jpg","url":"https:\/\/www.caste.cz\/wp-content\/uploads\/img_a306425_w2306_t1517763001.jpg","height":0,"width":0},"url":"https:\/\/www.caste.cz\/staci-se-jen-prestehovat-a-zivot-plyne-dal\/","about":["D\u016fm a byt"],"wordCount":469,"articleBody":"        D\u011bs\u00ed V\u00e1s p\u0159edstava bydlen\u00ed v panelov\u00e9m dom\u011b, kde je sly\u0161et i ka\u0161el z druh\u00e9ho patra? A co teprve v\u00fdtah, kter\u00fd je v permanenci st\u00e1le. St\u00e1l\u00e9 bouch\u00e1n\u00ed vchodov\u00fdch dve\u0159\u00ed do byt\u016f, ale i t\u011bch do domu. Tak to byste v\u00e1\u017en\u011b necht\u011bli. Tak, co si budeme namlouvat, nen\u00ed to bydlen\u00ed pr\u00e1v\u011b skv\u011bl\u00e9. Mo\u017en\u00e1 pr\u00e1v\u011b proto jste dok\u00e1zali po\u0159\u00eddit za levnou finan\u010dn\u00ed \u010d\u00e1stku pozemek s in\u017een\u00fdrsk\u00fdmi s\u00edt\u011bmi a nyn\u00ed hodl\u00e1te stav\u011bt.Jen\u017ee Vy byste cht\u011bli bydlet hned, vi\u010fte?  Ud\u011blali jste dob\u0159e, \u017ee jste nekoupili star\u00fd d\u016fm. Do n\u011bj byste museli investovat spoustu pen\u011bz. Ale na nov\u00fd V\u00e1m tak\u00e9 n\u011bjak finance nezb\u00fdvaj\u00ed, \u017ee ano? A co tedy po\u0159\u00eddit si d\u016fm u\u017e pou\u017eit\u00fd https:\/\/www.top-mobilnidomy.cz\/mobilheimy\/?id_type=2, kter\u00fd V\u00e1m na pozemek p\u0159ivezou? Nemus\u00edte kroutit nev\u011b\u0159\u00edcn\u011b hlavou, co\u017ee si to tady n\u011bkdo vym\u00fd\u0161l\u00ed za takov\u00e9 hlouposti. Ani se nemus\u00edte b\u00e1t, \u017ee p\u016fjde o karavan. Jde o \u00fapln\u011b norm\u00e1ln\u00ed, oby\u010dejn\u00fd mobiln\u00ed rodinn\u00fd d\u016fm k celoro\u010dn\u00edmu u\u017e\u00edv\u00e1n\u00ed, ale u\u017e pou\u017eit\u00fd. Prost\u011b jej n\u011bkdo vr\u00e1til, proto\u017ee bydl\u00ed n\u011bkde jinde. Je to \u00fapln\u011b stejn\u00e9, jako kdy\u017e se n\u011bkdo odst\u011bhuje z domu a prod\u00e1v\u00e1 jej i s pozemkem. Mobiln\u00ed d\u016fm se ale d\u00e1 jednodu\u0161e p\u0159ev\u00e9zt a usadit u V\u00e1s na pozemku. To jste nev\u011bd\u011bli? Pokud je Va\u0161\u00ed prioritou rychlost bydlen\u00ed a levn\u00e9 po\u0159\u00edzen\u00ed, potom je tato varianta ta nejlep\u0161\u00ed ze v\u0161ech. Spl\u0148uje ob\u011b Va\u0161e podm\u00ednky. A to naprosto bez debat.M\u00e1te hned lep\u0161\u00ed n\u00e1ladu. Je to vid\u011bt. V\u00edte, \u010deho v\u0161eho budete u\u0161et\u0159eni po\u0159\u00edzen\u00edm pou\u017eit\u00e9ho mobiln\u00edho domu? 1. Ur\u010dit\u011b budete u\u0161et\u0159eni vysok\u00fdch v\u00fddaj\u016f za po\u0159\u00edzen\u00ed vlastn\u00edho bydlen\u00ed v rodinn\u00e9m dom\u011b. 2. Zcela jist\u011b nebude po\u0159\u00edzen\u00ed mobiln\u00edho domu prov\u011b\u0159ovat Va\u0161i trp\u011blivost ve sm\u011bru \u010dek\u00e1n\u00ed, a\u017e bude d\u016fm postaven. 3. Budete u\u0161et\u0159eni pob\u00edh\u00e1n\u00ed po stavebn\u00edm \u00fa\u0159adu s \u00fa\u0159edn\u00edmi pap\u00edry, na kter\u00fdch byste pot\u0159ebovali \u00fa\u0159edn\u00ed raz\u00edtka. Um\u00edte si p\u0159edstavit, \u017ee jeden den d\u016fm p\u0159ivezou a hned druh\u00fd den budete bydlet, a to se v\u0161\u00edm v\u0161udy? Ani nep\u0159eru\u0161\u00edte b\u011b\u017en\u00fd v\u0161edn\u00ed den s n\u011bjakou p\u0159ek\u00e1\u017ekou. V\u0161e prob\u011bhne plynule. Jako by se nic z\u00e1sadn\u00edho nestalo. A interi\u00e9r V\u00e1s p\u0159ekvap\u00ed! Do toho byste tedy m\u011bli j\u00edt.                                                                                                                                                                                                                                                                                                                                                                                          4\/5 - (10 votes)        "},{"@context":"https:\/\/schema.org\/","@type":"BreadcrumbList","itemListElement":[{"@type":"ListItem","position":1,"name":"Sta\u010d\u00ed se jen p\u0159est\u011bhovat a \u017eivot plyne d\u00e1l","item":"https:\/\/www.caste.cz\/staci-se-jen-prestehovat-a-zivot-plyne-dal\/#breadcrumbitem"}]}]